{"id":705,"date":"2024-12-22T20:00:00","date_gmt":"2024-12-22T20:00:00","guid":{"rendered":"https:\/\/pilkarecznapoznan.pl\/?p=705"},"modified":"2025-11-10T20:57:50","modified_gmt":"2025-11-10T20:57:50","slug":"swiateczny-turniej","status":"publish","type":"post","link":"https:\/\/pilkarecznapoznan.pl\/index.php\/2024\/12\/22\/swiateczny-turniej\/","title":{"rendered":"Swi\u0105teczny turniej"},"content":{"rendered":"\n<p>Tegoroczny Pozna\u0144 Handball Cup by\u0142 niezwyk\u0142ym wydarzeniem, pe\u0142nym emocji, rywalizacji, ale przede wszystkim \u2013 fantastycznej atmosfery sportowej. Turniej zgromadzi\u0142 dru\u017cyny z r\u00f3\u017cnych zak\u0105tk\u00f3w Polski w tym go\u015bcili\u015bmy M\u0142yny Stois\u0142aw Koszalin z Orlen Superligi Kobiet.<\/p>\n\n\n\n<p><\/p>\n","protected":false},"excerpt":{"rendered":"<p>Tegoroczny Pozna\u0144 Handball Cup by\u0142 niezwyk\u0142ym wydarzeniem, pe\u0142nym emocji, rywalizacji, ale przede wszystkim \u2013 fantastycznej atmosfery sportowej. Turniej zgromadzi\u0142 dru\u017cyny z r\u00f3\u017cnych zak\u0105tk\u00f3w Polski w tym go\u015bcili\u015bmy M\u0142yny Stois\u0142aw Koszalin z Orlen Superligi Kobiet.<\/p>\n","protected":false},"author":1,"featured_media":706,"comment_status":"open","ping_status":"open","sticky":false,"template":"","format":"standard","meta":{"_kad_post_transparent":"","_kad_post_title":"","_kad_post_layout":"","_kad_post_sidebar_id":"","_kad_post_content_style":"","_kad_post_vertical_padding":"","_kad_post_feature":"","_kad_post_feature_position":"","_kad_post_header":false,"_kad_post_footer":false,"footnotes":""},"categories":[7],"tags":[],"class_list":["post-705","post","type-post","status-publish","format-standard","has-post-thumbnail","hentry","category-z-zycia-klubu"],"_links":{"self":[{"href":"https:\/\/pilkarecznapoznan.pl\/index.php\/wp-json\/wp\/v2\/posts\/705","targetHints":{"allow":["GET"]}}],"collection":[{"href":"https:\/\/pilkarecznapoznan.pl\/index.php\/wp-json\/wp\/v2\/posts"}],"about":[{"href":"https:\/\/pilkarecznapoznan.pl\/index.php\/wp-json\/wp\/v2\/types\/post"}],"author":[{"embeddable":true,"href":"https:\/\/pilkarecznapoznan.pl\/index.php\/wp-json\/wp\/v2\/users\/1"}],"replies":[{"embeddable":true,"href":"https:\/\/pilkarecznapoznan.pl\/index.php\/wp-json\/wp\/v2\/comments?post=705"}],"version-history":[{"count":2,"href":"https:\/\/pilkarecznapoznan.pl\/index.php\/wp-json\/wp\/v2\/posts\/705\/revisions"}],"predecessor-version":[{"id":708,"href":"https:\/\/pilkarecznapoznan.pl\/index.php\/wp-json\/wp\/v2\/posts\/705\/revisions\/708"}],"wp:featuredmedia":[{"embeddable":true,"href":"https:\/\/pilkarecznapoznan.pl\/index.php\/wp-json\/wp\/v2\/media\/706"}],"wp:attachment":[{"href":"https:\/\/pilkarecznapoznan.pl\/index.php\/wp-json\/wp\/v2\/media?parent=705"}],"wp:term":[{"taxonomy":"category","embeddable":true,"href":"https:\/\/pilkarecznapoznan.pl\/index.php\/wp-json\/wp\/v2\/categories?post=705"},{"taxonomy":"post_tag","embeddable":true,"href":"https:\/\/pilkarecznapoznan.pl\/index.php\/wp-json\/wp\/v2\/tags?post=705"}],"curies":[{"name":"wp","href":"https:\/\/api.w.org\/{rel}","templated":true}]}}