{"id":687,"date":"2024-10-19T15:00:00","date_gmt":"2024-10-19T15:00:00","guid":{"rendered":"https:\/\/pilkarecznapoznan.pl\/?p=687"},"modified":"2025-11-10T21:00:33","modified_gmt":"2025-11-10T21:00:33","slug":"zapraszamy-na-mecz","status":"publish","type":"post","link":"https:\/\/pilkarecznapoznan.pl\/index.php\/2024\/10\/19\/zapraszamy-na-mecz\/","title":{"rendered":"Zapraszamy na mecz&#8230;"},"content":{"rendered":"\n<p>Zapraszamy na mecz z Vitamineo Jelenia G\u00f3ra &#8211; szykuj\u0105 si\u0119 wspania\u0142e emocje i walka do ostatniej minuty.<\/p>\n\n\n\n<p><\/p>\n","protected":false},"excerpt":{"rendered":"<p>Zapraszamy na mecz z Vitamineo Jelenia G\u00f3ra &#8211; szykuj\u0105 si\u0119 wspania\u0142e emocje i walka do ostatniej minuty.<\/p>\n","protected":false},"author":1,"featured_media":688,"comment_status":"open","ping_status":"open","sticky":false,"template":"","format":"standard","meta":{"_kad_post_transparent":"","_kad_post_title":"","_kad_post_layout":"","_kad_post_sidebar_id":"","_kad_post_content_style":"","_kad_post_vertical_padding":"","_kad_post_feature":"","_kad_post_feature_position":"","_kad_post_header":false,"_kad_post_footer":false,"footnotes":""},"categories":[6],"tags":[],"class_list":["post-687","post","type-post","status-publish","format-standard","has-post-thumbnail","hentry","category-rozgrywki-ligowe"],"_links":{"self":[{"href":"https:\/\/pilkarecznapoznan.pl\/index.php\/wp-json\/wp\/v2\/posts\/687","targetHints":{"allow":["GET"]}}],"collection":[{"href":"https:\/\/pilkarecznapoznan.pl\/index.php\/wp-json\/wp\/v2\/posts"}],"about":[{"href":"https:\/\/pilkarecznapoznan.pl\/index.php\/wp-json\/wp\/v2\/types\/post"}],"author":[{"embeddable":true,"href":"https:\/\/pilkarecznapoznan.pl\/index.php\/wp-json\/wp\/v2\/users\/1"}],"replies":[{"embeddable":true,"href":"https:\/\/pilkarecznapoznan.pl\/index.php\/wp-json\/wp\/v2\/comments?post=687"}],"version-history":[{"count":1,"href":"https:\/\/pilkarecznapoznan.pl\/index.php\/wp-json\/wp\/v2\/posts\/687\/revisions"}],"predecessor-version":[{"id":689,"href":"https:\/\/pilkarecznapoznan.pl\/index.php\/wp-json\/wp\/v2\/posts\/687\/revisions\/689"}],"wp:featuredmedia":[{"embeddable":true,"href":"https:\/\/pilkarecznapoznan.pl\/index.php\/wp-json\/wp\/v2\/media\/688"}],"wp:attachment":[{"href":"https:\/\/pilkarecznapoznan.pl\/index.php\/wp-json\/wp\/v2\/media?parent=687"}],"wp:term":[{"taxonomy":"category","embeddable":true,"href":"https:\/\/pilkarecznapoznan.pl\/index.php\/wp-json\/wp\/v2\/categories?post=687"},{"taxonomy":"post_tag","embeddable":true,"href":"https:\/\/pilkarecznapoznan.pl\/index.php\/wp-json\/wp\/v2\/tags?post=687"}],"curies":[{"name":"wp","href":"https:\/\/api.w.org\/{rel}","templated":true}]}}