{"id":102,"date":"2023-07-05T11:49:00","date_gmt":"2023-07-05T09:49:00","guid":{"rendered":"http:\/\/server963268.nazwa.pl\/wpre\/?p=102"},"modified":"2023-07-05T11:49:00","modified_gmt":"2023-07-05T09:49:00","slug":"podsumowanie-przed-nowym-sezonem","status":"publish","type":"post","link":"https:\/\/pilkarecznapoznan.pl\/index.php\/2023\/07\/05\/podsumowanie-przed-nowym-sezonem\/","title":{"rendered":"Podsumowanie przed nowym sezonem"},"content":{"rendered":"\n<p>Powoli zaczynamy przygotowania do Ligi Centralnej <img loading=\"lazy\" decoding=\"async\" height=\"16\" width=\"16\" src=\"https:\/\/static.xx.fbcdn.net\/images\/emoji.php\/v9\/t6c\/1\/16\/1f4aa.png\" alt=\"&#x1f4aa;\"> <br>To idealny moment by podsumowa\u0107 miniony sezon, kt\u00f3ry da\u0142 nam awans do Ligi Centralnej! <img loading=\"lazy\" decoding=\"async\" height=\"16\" width=\"16\" src=\"https:\/\/static.xx.fbcdn.net\/images\/emoji.php\/v9\/t4c\/1\/16\/1f642.png\" alt=\"&#x1f642;\"><\/p>\n\n\n\n<p>Zmagania I Ligi Pi\u0142ki R\u0119cznej Kobiet ko\u0144czymy na II miejscu <img loading=\"lazy\" decoding=\"async\" height=\"16\" width=\"16\" alt=\"&#x1f948;\" src=\"https:\/\/static.xx.fbcdn.net\/images\/emoji.php\/v9\/t15\/1\/16\/1f948.png\"> w tabeli grupy A<\/p>\n\n\n\n<p><img loading=\"lazy\" decoding=\"async\" height=\"16\" width=\"16\" alt=\"&#x2757;&#xfe0f;\" src=\"https:\/\/static.xx.fbcdn.net\/images\/emoji.php\/v9\/t50\/1\/16\/2757.png\">W 18 meczach odnotowa\u0142y\u015bmy <img loading=\"lazy\" decoding=\"async\" height=\"16\" width=\"16\" alt=\"1&#xfe0f;&#x20e3;\" src=\"https:\/\/static.xx.fbcdn.net\/images\/emoji.php\/v9\/t7a\/1\/16\/31_20e3.png\"><img loading=\"lazy\" decoding=\"async\" height=\"16\" width=\"16\" alt=\"4&#xfe0f;&#x20e3;\" src=\"https:\/\/static.xx.fbcdn.net\/images\/emoji.php\/v9\/td7\/1\/16\/34_20e3.png\"> zwyci\u0119stw<img loading=\"lazy\" decoding=\"async\" height=\"16\" width=\"16\" alt=\"&#x1f973;\" src=\"https:\/\/static.xx.fbcdn.net\/images\/emoji.php\/v9\/t6d\/1\/16\/1f973.png\"> i <img loading=\"lazy\" decoding=\"async\" height=\"16\" width=\"16\" alt=\"4&#xfe0f;&#x20e3;\" src=\"https:\/\/static.xx.fbcdn.net\/images\/emoji.php\/v9\/td7\/1\/16\/34_20e3.png\"> pora\u017cki <img loading=\"lazy\" decoding=\"async\" height=\"16\" width=\"16\" alt=\"&#x1f60c;\" src=\"https:\/\/static.xx.fbcdn.net\/images\/emoji.php\/v9\/t81\/1\/16\/1f60c.png\"><\/p>\n\n\n\n<p><a><\/a><img loading=\"lazy\" decoding=\"async\" height=\"16\" width=\"16\" alt=\"&#x2757;&#xfe0f;\" src=\"https:\/\/static.xx.fbcdn.net\/images\/emoji.php\/v9\/t50\/1\/16\/2757.png\">Zdoby\u0142y\u015bmy 580 bramki <img loading=\"lazy\" decoding=\"async\" height=\"16\" width=\"16\" alt=\"&#x26bd;&#xfe0f;\" src=\"https:\/\/static.xx.fbcdn.net\/images\/emoji.php\/v9\/taf\/1\/16\/26bd.png\"><img loading=\"lazy\" decoding=\"async\" height=\"16\" width=\"16\" alt=\"&#x1f945;\" src=\"https:\/\/static.xx.fbcdn.net\/images\/emoji.php\/v9\/t92\/1\/16\/1f945.png\"> a straci\u0142y\u015bmy 469<\/p>\n\n\n\n<p><img loading=\"lazy\" decoding=\"async\" height=\"16\" width=\"16\" alt=\"&#x2757;&#xfe0f;\" src=\"https:\/\/static.xx.fbcdn.net\/images\/emoji.php\/v9\/t50\/1\/16\/2757.png\">\u015arednia ilo\u015b\u0107 zdobytych bramek na mecz to 32,22 <img loading=\"lazy\" decoding=\"async\" height=\"16\" width=\"16\" alt=\"&#x1f4c8;\" src=\"https:\/\/static.xx.fbcdn.net\/images\/emoji.php\/v9\/t1\/1\/16\/1f4c8.png\"><img loading=\"lazy\" decoding=\"async\" height=\"16\" width=\"16\" alt=\"&#x26bd;&#xfe0f;\" src=\"https:\/\/static.xx.fbcdn.net\/images\/emoji.php\/v9\/taf\/1\/16\/26bd.png\"> a straconych to 26,06 <img loading=\"lazy\" decoding=\"async\" height=\"16\" width=\"16\" alt=\"&#x1f4c9;\" src=\"https:\/\/static.xx.fbcdn.net\/images\/emoji.php\/v9\/t82\/1\/16\/1f4c9.png\"><\/p>\n\n\n\n<p><img loading=\"lazy\" decoding=\"async\" height=\"16\" width=\"16\" alt=\"&#x2757;&#xfe0f;\" src=\"https:\/\/static.xx.fbcdn.net\/images\/emoji.php\/v9\/t50\/1\/16\/2757.png\">Wywalczy\u0142y\u015bmy 75 rzut\u00f3w karnych <img loading=\"lazy\" decoding=\"async\" height=\"16\" width=\"16\" alt=\"&#x1f93e;\" src=\"https:\/\/static.xx.fbcdn.net\/images\/emoji.php\/v9\/t23\/1\/16\/1f93e.png\"> z czego trafi\u0142y\u015bmy 53 bramki <img loading=\"lazy\" decoding=\"async\" height=\"16\" width=\"16\" alt=\"&#x1f609;\" src=\"https:\/\/static.xx.fbcdn.net\/images\/emoji.php\/v9\/t57\/1\/16\/1f609.png\"><\/p>\n\n\n\n<p><img loading=\"lazy\" decoding=\"async\" height=\"16\" width=\"16\" src=\"https:\/\/static.xx.fbcdn.net\/images\/emoji.php\/v9\/t50\/1\/16\/2757.png\" alt=\"&#x2757;&#xfe0f;\">Liderk\u0105 tabeli strzelczy\u0144 naszej dru\u017cyny by\u0142a Olia Shliukhtina zdobywaj\u0105c 114 bramek <img loading=\"lazy\" decoding=\"async\" height=\"16\" width=\"16\" src=\"https:\/\/static.xx.fbcdn.net\/images\/emoji.php\/v9\/t92\/1\/16\/1f945.png\" alt=\"&#x1f945;\">\u015brednia na mecz to 6,33 <img loading=\"lazy\" decoding=\"async\" height=\"16\" width=\"16\" src=\"https:\/\/static.xx.fbcdn.net\/images\/emoji.php\/v9\/t6c\/1\/16\/1f4aa.png\" alt=\"&#x1f4aa;\"><\/p>\n\n\n\n<div class=\"wp-block-columns is-layout-flex wp-container-core-columns-is-layout-9d6595d7 wp-block-columns-is-layout-flex\">\n<div class=\"wp-block-column is-layout-flow wp-block-column-is-layout-flow\">\n<figure class=\"wp-block-image size-large\"><img decoding=\"async\" src=\"http:\/\/server963268.nazwa.pl\/wpre\/wp-content\/uploads\/2023\/08\/05.07.2023-Olia-1-768x1024.jpg\" alt=\"\" class=\"wp-image-103\"\/><\/figure>\n<\/div>\n\n\n\n<div class=\"wp-block-column is-layout-flow wp-block-column-is-layout-flow\">\n<figure class=\"wp-block-image size-large\"><img decoding=\"async\" src=\"http:\/\/server963268.nazwa.pl\/wpre\/wp-content\/uploads\/2023\/08\/05.07.2023-Olia-2-640x1024.jpg\" alt=\"\" class=\"wp-image-104\"\/><\/figure>\n<\/div>\n<\/div>\n\n\n\n<p>Jest w nas moc <img loading=\"lazy\" decoding=\"async\" height=\"16\" width=\"16\" alt=\"&#x2764;&#xfe0f;\" src=\"https:\/\/static.xx.fbcdn.net\/images\/emoji.php\/v9\/t6c\/1\/16\/2764.png\">AL-KO AZS Pozna\u0144 <img loading=\"lazy\" decoding=\"async\" height=\"16\" width=\"16\" alt=\"&#x1f499;\" src=\"https:\/\/static.xx.fbcdn.net\/images\/emoji.php\/v9\/t6c\/1\/16\/1f499.png\"><img loading=\"lazy\" decoding=\"async\" height=\"16\" width=\"16\" alt=\"&#x1f90d;\" src=\"https:\/\/static.xx.fbcdn.net\/images\/emoji.php\/v9\/tc5\/1\/16\/1f90d.png\"><\/p>\n","protected":false},"excerpt":{"rendered":"<p>Powoli zaczynamy przygotowania do Ligi Centralnej To idealny moment by podsumowa\u0107 miniony sezon, kt\u00f3ry da\u0142 nam awans do Ligi Centralnej! Zmagania I Ligi Pi\u0142ki R\u0119cznej Kobiet ko\u0144czymy na II miejscu w tabeli grupy A W 18 meczach odnotowa\u0142y\u015bmy zwyci\u0119stw i pora\u017cki Zdoby\u0142y\u015bmy 580 bramki a straci\u0142y\u015bmy 469 \u015arednia ilo\u015b\u0107 zdobytych bramek na mecz to 32,22&#8230;<\/p>\n","protected":false},"author":1,"featured_media":105,"comment_status":"open","ping_status":"open","sticky":false,"template":"","format":"standard","meta":{"_kad_post_transparent":"","_kad_post_title":"","_kad_post_layout":"","_kad_post_sidebar_id":"","_kad_post_content_style":"","_kad_post_vertical_padding":"","_kad_post_feature":"","_kad_post_feature_position":"","_kad_post_header":false,"_kad_post_footer":false,"footnotes":""},"categories":[6,7],"tags":[10,11,12,14,15,16],"class_list":["post-102","post","type-post","status-publish","format-standard","has-post-thumbnail","hentry","category-rozgrywki-ligowe","category-z-zycia-klubu","tag-eneapilkarecznakobietpoznan","tag-eneapilkarecznapoznan","tag-ligacentralnakobiet","tag-pilkareczna","tag-pilkarecznakobietpoznan","tag-pilkarecznapoznan"],"_links":{"self":[{"href":"https:\/\/pilkarecznapoznan.pl\/index.php\/wp-json\/wp\/v2\/posts\/102","targetHints":{"allow":["GET"]}}],"collection":[{"href":"https:\/\/pilkarecznapoznan.pl\/index.php\/wp-json\/wp\/v2\/posts"}],"about":[{"href":"https:\/\/pilkarecznapoznan.pl\/index.php\/wp-json\/wp\/v2\/types\/post"}],"author":[{"embeddable":true,"href":"https:\/\/pilkarecznapoznan.pl\/index.php\/wp-json\/wp\/v2\/users\/1"}],"replies":[{"embeddable":true,"href":"https:\/\/pilkarecznapoznan.pl\/index.php\/wp-json\/wp\/v2\/comments?post=102"}],"version-history":[{"count":0,"href":"https:\/\/pilkarecznapoznan.pl\/index.php\/wp-json\/wp\/v2\/posts\/102\/revisions"}],"wp:featuredmedia":[{"embeddable":true,"href":"https:\/\/pilkarecznapoznan.pl\/index.php\/wp-json\/"}],"wp:attachment":[{"href":"https:\/\/pilkarecznapoznan.pl\/index.php\/wp-json\/wp\/v2\/media?parent=102"}],"wp:term":[{"taxonomy":"category","embeddable":true,"href":"https:\/\/pilkarecznapoznan.pl\/index.php\/wp-json\/wp\/v2\/categories?post=102"},{"taxonomy":"post_tag","embeddable":true,"href":"https:\/\/pilkarecznapoznan.pl\/index.php\/wp-json\/wp\/v2\/tags?post=102"}],"curies":[{"name":"wp","href":"https:\/\/api.w.org\/{rel}","templated":true}]}}