{"id":693,"date":"2024-11-28T20:00:00","date_gmt":"2024-11-28T20:00:00","guid":{"rendered":"https:\/\/pilkarecznapoznan.pl\/?p=693"},"modified":"2025-11-10T20:59:23","modified_gmt":"2025-11-10T20:59:23","slug":"odwiedzamy-przedszkolaki","status":"publish","type":"post","link":"http:\/\/pilkarecznapoznan.pl\/index.php\/2024\/11\/28\/odwiedzamy-przedszkolaki\/","title":{"rendered":"Odwiedzamy przedszkolaki"},"content":{"rendered":"\n<p>Wizyta u przedszkolak\u00f3w z pozna\u0144skiego przedszkola Jarz\u0119binka w ramach programu ENEA Akademia Przedszkolaka<\/p>\n","protected":false},"excerpt":{"rendered":"<p>Wizyta u przedszkolak\u00f3w z pozna\u0144skiego przedszkola Jarz\u0119binka w ramach programu ENEA Akademia Przedszkolaka<\/p>\n","protected":false},"author":1,"featured_media":694,"comment_status":"open","ping_status":"open","sticky":false,"template":"","format":"standard","meta":{"_kad_post_transparent":"","_kad_post_title":"","_kad_post_layout":"","_kad_post_sidebar_id":"","_kad_post_content_style":"","_kad_post_vertical_padding":"","_kad_post_feature":"","_kad_post_feature_position":"","_kad_post_header":false,"_kad_post_footer":false,"footnotes":""},"categories":[7],"tags":[],"class_list":["post-693","post","type-post","status-publish","format-standard","has-post-thumbnail","hentry","category-z-zycia-klubu"],"_links":{"self":[{"href":"http:\/\/pilkarecznapoznan.pl\/index.php\/wp-json\/wp\/v2\/posts\/693","targetHints":{"allow":["GET"]}}],"collection":[{"href":"http:\/\/pilkarecznapoznan.pl\/index.php\/wp-json\/wp\/v2\/posts"}],"about":[{"href":"http:\/\/pilkarecznapoznan.pl\/index.php\/wp-json\/wp\/v2\/types\/post"}],"author":[{"embeddable":true,"href":"http:\/\/pilkarecznapoznan.pl\/index.php\/wp-json\/wp\/v2\/users\/1"}],"replies":[{"embeddable":true,"href":"http:\/\/pilkarecznapoznan.pl\/index.php\/wp-json\/wp\/v2\/comments?post=693"}],"version-history":[{"count":1,"href":"http:\/\/pilkarecznapoznan.pl\/index.php\/wp-json\/wp\/v2\/posts\/693\/revisions"}],"predecessor-version":[{"id":695,"href":"http:\/\/pilkarecznapoznan.pl\/index.php\/wp-json\/wp\/v2\/posts\/693\/revisions\/695"}],"wp:featuredmedia":[{"embeddable":true,"href":"http:\/\/pilkarecznapoznan.pl\/index.php\/wp-json\/wp\/v2\/media\/694"}],"wp:attachment":[{"href":"http:\/\/pilkarecznapoznan.pl\/index.php\/wp-json\/wp\/v2\/media?parent=693"}],"wp:term":[{"taxonomy":"category","embeddable":true,"href":"http:\/\/pilkarecznapoznan.pl\/index.php\/wp-json\/wp\/v2\/categories?post=693"},{"taxonomy":"post_tag","embeddable":true,"href":"http:\/\/pilkarecznapoznan.pl\/index.php\/wp-json\/wp\/v2\/tags?post=693"}],"curies":[{"name":"wp","href":"https:\/\/api.w.org\/{rel}","templated":true}]}}